{"id":3385,"date":"2023-02-23T15:18:10","date_gmt":"2023-02-23T15:18:10","guid":{"rendered":"https:\/\/andante.zalox.pt\/uncategorized\/andante-e-o-rosto-da-intermodalidade-no-porto\/"},"modified":"2025-09-15T14:28:21","modified_gmt":"2025-09-15T14:28:21","slug":"andante-e-o-rosto-da-intermodalidade-no-porto","status":"publish","type":"post","link":"https:\/\/andante.pt\/en\/news\/andante-e-o-rosto-da-intermodalidade-no-porto\/","title":{"rendered":"Andante \u00e9 o rosto da intermodalidade no Porto"},"content":{"rendered":"<h1>Uma abordagem integrada de mobilidade urbana no Porto.<\/h1>\n<p>A intermodalidade corresponde a um conceito de oferta de desloca\u00e7\u00e3o em transportes p\u00fablicos, em que:<br \/>\n&#8211; O t\u00edtulo de transporte \u00e9 v\u00e1lido em todos os operadores aderentes;<br \/>\n&#8211; O tarif\u00e1rio depende apenas do trajeto efetuado sendo independente dos modos de transporte utilizados.<\/p>\n<p>O importante \u00e9 a viagem e n\u00e3o o n\u00famero de embarques efetuados.<\/p>\n<p>Por exemplo, uma viagem entre dois pontos A e B no sistema intermodal tem o mesmo pre\u00e7o, quer seja feita na \u00edntegra em autocarro, ou, seja parcialmente efetuada em v\u00e1rios modos (autocarro, metro, comboio). Para al\u00e9m disso, o sistema\u00a0estabelece um pre\u00e7o que \u00e9 independente do n\u00famero de transbordos realizados, isto \u00e9, o t\u00edtulo tem o mesmo pre\u00e7o se a viagem for realizada numa \u00fanica linha ou se for necess\u00e1rio recorrer a v\u00e1rias linhas e operadores.<\/p>\n<p>O Andante \u00e9 o rosto da intermodalidade na \u00c1rea Metropolitana do Porto (AMP) tendo sido pioneiro a n\u00edvel mundial ao adotar em exclusivo tecnologia sem contacto.<\/p>\n<p>O sistema intermodal Andante teve as primeiras valida\u00e7\u00f5es em 2002 e tem vindo a crescer nos \u00faltimos anos. Em 2022, registou aproximadamente 165 milh\u00f5es de valida\u00e7\u00f5es refletindo\u00a0um aumento de 42% face ao per\u00edodo hom\u00f3logo do ano\u00a0anterior.<\/p>\n<p>Atualmente o sistema intermodal Andante integra 124 zonas, 20 operadores, 630 linhas de operadores rodovi\u00e1rios, 121 esta\u00e7\u00f5es de operadores ferrovi\u00e1rios e 1 795 pontos de venda.<\/p>\n<p>&nbsp;<\/p>\n<p>Seguimos viagem com os nossos clientes.<\/p>\n","protected":false},"excerpt":{"rendered":"<p>Uma abordagem integrada de mobilidade urbana no Porto. A intermodalidade corresponde a um conceito de oferta de desloca\u00e7\u00e3o em transportes p\u00fablicos, em que: &#8211; O t\u00edtulo de transporte \u00e9 v\u00e1lido em todos os operadores aderentes; &#8211; O tarif\u00e1rio depende apenas do trajeto efetuado sendo independente dos modos de transporte utilizados. O importante \u00e9 a viagem [&hellip;]<\/p>\n","protected":false},"author":1,"featured_media":2537,"comment_status":"closed","ping_status":"open","sticky":false,"template":"","format":"standard","meta":{"footnotes":""},"categories":[27],"tags":[],"class_list":["post-3385","post","type-post","status-publish","format-standard","has-post-thumbnail","hentry","category-news"],"yoast_head":"<!-- This site is optimized with the Yoast SEO plugin v23.9 - https:\/\/yoast.com\/wordpress\/plugins\/seo\/ -->\n<title>Andante \u00e9 o rosto da intermodalidade no Porto | Andante - Transportes Metropolitanos do Porto<\/title>\n<meta name=\"robots\" content=\"index, follow, max-snippet:-1, max-image-preview:large, max-video-preview:-1\" \/>\n<link rel=\"canonical\" href=\"https:\/\/andante.pt\/en\/news\/andante-e-o-rosto-da-intermodalidade-no-porto\/\" \/>\n<meta property=\"og:locale\" content=\"en_US\" \/>\n<meta property=\"og:type\" content=\"article\" \/>\n<meta property=\"og:title\" content=\"Andante \u00e9 o rosto da intermodalidade no Porto | Andante - Transportes Metropolitanos do Porto\" \/>\n<meta property=\"og:description\" content=\"Uma abordagem integrada de mobilidade urbana no Porto. A intermodalidade corresponde a um conceito de oferta de desloca\u00e7\u00e3o em transportes p\u00fablicos, em que: &#8211; O t\u00edtulo de transporte \u00e9 v\u00e1lido em todos os operadores aderentes; &#8211; O tarif\u00e1rio depende apenas do trajeto efetuado sendo independente dos modos de transporte utilizados. O importante \u00e9 a viagem [&hellip;]\" \/>\n<meta property=\"og:url\" content=\"https:\/\/andante.pt\/en\/news\/andante-e-o-rosto-da-intermodalidade-no-porto\/\" \/>\n<meta property=\"og:site_name\" content=\"Andante - Transportes Metropolitanos do Porto\" \/>\n<meta property=\"article:publisher\" content=\"https:\/\/www.facebook.com\/andantept\/\" \/>\n<meta property=\"article:published_time\" content=\"2023-02-23T15:18:10+00:00\" \/>\n<meta property=\"article:modified_time\" content=\"2025-09-15T14:28:21+00:00\" \/>\n<meta property=\"og:image\" content=\"https:\/\/andante.pt\/wp-content\/uploads\/2023\/02\/Banner-23-Fev.png\" \/>\n\t<meta property=\"og:image:width\" content=\"1920\" \/>\n\t<meta property=\"og:image:height\" content=\"620\" \/>\n\t<meta property=\"og:image:type\" content=\"image\/png\" \/>\n<meta name=\"author\" content=\"admin\" \/>\n<meta name=\"twitter:card\" content=\"summary_large_image\" \/>\n<meta name=\"twitter:label1\" content=\"Written by\" \/>\n\t<meta name=\"twitter:data1\" content=\"admin\" \/>\n\t<meta name=\"twitter:label2\" content=\"Est. reading time\" \/>\n\t<meta name=\"twitter:data2\" content=\"1 minute\" \/>\n<script type=\"application\/ld+json\" class=\"yoast-schema-graph\">{\"@context\":\"https:\/\/schema.org\",\"@graph\":[{\"@type\":\"Article\",\"@id\":\"https:\/\/andante.pt\/en\/news\/andante-e-o-rosto-da-intermodalidade-no-porto\/#article\",\"isPartOf\":{\"@id\":\"https:\/\/andante.pt\/en\/news\/andante-e-o-rosto-da-intermodalidade-no-porto\/\"},\"author\":{\"name\":\"admin\",\"@id\":\"https:\/\/andante.pt\/en\/#\/schema\/person\/0931513eff2acb2c226e5afa16bd7865\"},\"headline\":\"Andante \u00e9 o rosto da intermodalidade no Porto\",\"datePublished\":\"2023-02-23T15:18:10+00:00\",\"dateModified\":\"2025-09-15T14:28:21+00:00\",\"mainEntityOfPage\":{\"@id\":\"https:\/\/andante.pt\/en\/news\/andante-e-o-rosto-da-intermodalidade-no-porto\/\"},\"wordCount\":252,\"publisher\":{\"@id\":\"https:\/\/andante.pt\/en\/#organization\"},\"image\":{\"@id\":\"https:\/\/andante.pt\/en\/news\/andante-e-o-rosto-da-intermodalidade-no-porto\/#primaryimage\"},\"thumbnailUrl\":\"https:\/\/andante.pt\/wp-content\/uploads\/2023\/02\/Banner-23-Fev.png\",\"articleSection\":[\"News\"],\"inLanguage\":\"en-US\"},{\"@type\":\"WebPage\",\"@id\":\"https:\/\/andante.pt\/en\/news\/andante-e-o-rosto-da-intermodalidade-no-porto\/\",\"url\":\"https:\/\/andante.pt\/en\/news\/andante-e-o-rosto-da-intermodalidade-no-porto\/\",\"name\":\"Andante \u00e9 o rosto da intermodalidade no Porto | Andante - Transportes Metropolitanos do Porto\",\"isPartOf\":{\"@id\":\"https:\/\/andante.pt\/en\/#website\"},\"primaryImageOfPage\":{\"@id\":\"https:\/\/andante.pt\/en\/news\/andante-e-o-rosto-da-intermodalidade-no-porto\/#primaryimage\"},\"image\":{\"@id\":\"https:\/\/andante.pt\/en\/news\/andante-e-o-rosto-da-intermodalidade-no-porto\/#primaryimage\"},\"thumbnailUrl\":\"https:\/\/andante.pt\/wp-content\/uploads\/2023\/02\/Banner-23-Fev.png\",\"datePublished\":\"2023-02-23T15:18:10+00:00\",\"dateModified\":\"2025-09-15T14:28:21+00:00\",\"breadcrumb\":{\"@id\":\"https:\/\/andante.pt\/en\/news\/andante-e-o-rosto-da-intermodalidade-no-porto\/#breadcrumb\"},\"inLanguage\":\"en-US\",\"potentialAction\":[{\"@type\":\"ReadAction\",\"target\":[\"https:\/\/andante.pt\/en\/news\/andante-e-o-rosto-da-intermodalidade-no-porto\/\"]}]},{\"@type\":\"ImageObject\",\"inLanguage\":\"en-US\",\"@id\":\"https:\/\/andante.pt\/en\/news\/andante-e-o-rosto-da-intermodalidade-no-porto\/#primaryimage\",\"url\":\"https:\/\/andante.pt\/wp-content\/uploads\/2023\/02\/Banner-23-Fev.png\",\"contentUrl\":\"https:\/\/andante.pt\/wp-content\/uploads\/2023\/02\/Banner-23-Fev.png\",\"width\":1920,\"height\":620,\"caption\":\"intermodalidade no Porto\"},{\"@type\":\"BreadcrumbList\",\"@id\":\"https:\/\/andante.pt\/en\/news\/andante-e-o-rosto-da-intermodalidade-no-porto\/#breadcrumb\",\"itemListElement\":[{\"@type\":\"ListItem\",\"position\":1,\"name\":\"Home\",\"item\":\"https:\/\/andante.pt\/en\/\"},{\"@type\":\"ListItem\",\"position\":2,\"name\":\"News\",\"item\":\"https:\/\/andante.pt\/en\/news\/\"},{\"@type\":\"ListItem\",\"position\":3,\"name\":\"Andante \u00e9 o rosto da intermodalidade no Porto\"}]},{\"@type\":\"WebSite\",\"@id\":\"https:\/\/andante.pt\/en\/#website\",\"url\":\"https:\/\/andante.pt\/en\/\",\"name\":\"Andante - Transportes Metropolitanos do Porto\",\"description\":\"O Andante \u00e9 o t\u00edtulo para os transportes p\u00fablicos da \u00c1rea Metropolitana do Porto.\",\"publisher\":{\"@id\":\"https:\/\/andante.pt\/en\/#organization\"},\"alternateName\":\"Andante - Transportes Intermodais do Porto\",\"potentialAction\":[{\"@type\":\"SearchAction\",\"target\":{\"@type\":\"EntryPoint\",\"urlTemplate\":\"https:\/\/andante.pt\/en\/?s={search_term_string}\"},\"query-input\":{\"@type\":\"PropertyValueSpecification\",\"valueRequired\":true,\"valueName\":\"search_term_string\"}}],\"inLanguage\":\"en-US\"},{\"@type\":\"Organization\",\"@id\":\"https:\/\/andante.pt\/en\/#organization\",\"name\":\"Andante - Transportes Intermodais do Porto\",\"alternateName\":\"Andante - Transportes Intermodais do Porto\",\"url\":\"https:\/\/andante.pt\/en\/\",\"logo\":{\"@type\":\"ImageObject\",\"inLanguage\":\"en-US\",\"@id\":\"https:\/\/andante.pt\/en\/#\/schema\/logo\/image\/\",\"url\":\"https:\/\/andante.pt\/wp-content\/uploads\/2023\/03\/logo_andante.svg\",\"contentUrl\":\"https:\/\/andante.pt\/wp-content\/uploads\/2023\/03\/logo_andante.svg\",\"width\":1,\"height\":1,\"caption\":\"Andante - Transportes Intermodais do Porto\"},\"image\":{\"@id\":\"https:\/\/andante.pt\/en\/#\/schema\/logo\/image\/\"},\"sameAs\":[\"https:\/\/www.facebook.com\/andantept\/\"]},{\"@type\":\"Person\",\"@id\":\"https:\/\/andante.pt\/en\/#\/schema\/person\/0931513eff2acb2c226e5afa16bd7865\",\"name\":\"admin\",\"image\":{\"@type\":\"ImageObject\",\"inLanguage\":\"en-US\",\"@id\":\"https:\/\/andante.pt\/en\/#\/schema\/person\/image\/\",\"url\":\"https:\/\/secure.gravatar.com\/avatar\/08057f34bc23d31806c4d8dd1590d43f18013049737f124f73dfa1b850395d20?s=96&d=mm&r=g\",\"contentUrl\":\"https:\/\/secure.gravatar.com\/avatar\/08057f34bc23d31806c4d8dd1590d43f18013049737f124f73dfa1b850395d20?s=96&d=mm&r=g\",\"caption\":\"admin\"},\"sameAs\":[\"https:\/\/linhandante.com\"],\"url\":\"https:\/\/andante.pt\/en\/author\/zalox\/\"}]}<\/script>\n<!-- \/ Yoast SEO plugin. -->","yoast_head_json":{"title":"Andante \u00e9 o rosto da intermodalidade no Porto | Andante - Transportes Metropolitanos do Porto","robots":{"index":"index","follow":"follow","max-snippet":"max-snippet:-1","max-image-preview":"max-image-preview:large","max-video-preview":"max-video-preview:-1"},"canonical":"https:\/\/andante.pt\/en\/news\/andante-e-o-rosto-da-intermodalidade-no-porto\/","og_locale":"en_US","og_type":"article","og_title":"Andante \u00e9 o rosto da intermodalidade no Porto | Andante - Transportes Metropolitanos do Porto","og_description":"Uma abordagem integrada de mobilidade urbana no Porto. A intermodalidade corresponde a um conceito de oferta de desloca\u00e7\u00e3o em transportes p\u00fablicos, em que: &#8211; O t\u00edtulo de transporte \u00e9 v\u00e1lido em todos os operadores aderentes; &#8211; O tarif\u00e1rio depende apenas do trajeto efetuado sendo independente dos modos de transporte utilizados. O importante \u00e9 a viagem [&hellip;]","og_url":"https:\/\/andante.pt\/en\/news\/andante-e-o-rosto-da-intermodalidade-no-porto\/","og_site_name":"Andante - Transportes Metropolitanos do Porto","article_publisher":"https:\/\/www.facebook.com\/andantept\/","article_published_time":"2023-02-23T15:18:10+00:00","article_modified_time":"2025-09-15T14:28:21+00:00","og_image":[{"width":1920,"height":620,"url":"https:\/\/andante.pt\/wp-content\/uploads\/2023\/02\/Banner-23-Fev.png","type":"image\/png"}],"author":"admin","twitter_card":"summary_large_image","twitter_misc":{"Written by":"admin","Est. reading time":"1 minute"},"schema":{"@context":"https:\/\/schema.org","@graph":[{"@type":"Article","@id":"https:\/\/andante.pt\/en\/news\/andante-e-o-rosto-da-intermodalidade-no-porto\/#article","isPartOf":{"@id":"https:\/\/andante.pt\/en\/news\/andante-e-o-rosto-da-intermodalidade-no-porto\/"},"author":{"name":"admin","@id":"https:\/\/andante.pt\/en\/#\/schema\/person\/0931513eff2acb2c226e5afa16bd7865"},"headline":"Andante \u00e9 o rosto da intermodalidade no Porto","datePublished":"2023-02-23T15:18:10+00:00","dateModified":"2025-09-15T14:28:21+00:00","mainEntityOfPage":{"@id":"https:\/\/andante.pt\/en\/news\/andante-e-o-rosto-da-intermodalidade-no-porto\/"},"wordCount":252,"publisher":{"@id":"https:\/\/andante.pt\/en\/#organization"},"image":{"@id":"https:\/\/andante.pt\/en\/news\/andante-e-o-rosto-da-intermodalidade-no-porto\/#primaryimage"},"thumbnailUrl":"https:\/\/andante.pt\/wp-content\/uploads\/2023\/02\/Banner-23-Fev.png","articleSection":["News"],"inLanguage":"en-US"},{"@type":"WebPage","@id":"https:\/\/andante.pt\/en\/news\/andante-e-o-rosto-da-intermodalidade-no-porto\/","url":"https:\/\/andante.pt\/en\/news\/andante-e-o-rosto-da-intermodalidade-no-porto\/","name":"Andante \u00e9 o rosto da intermodalidade no Porto | Andante - Transportes Metropolitanos do Porto","isPartOf":{"@id":"https:\/\/andante.pt\/en\/#website"},"primaryImageOfPage":{"@id":"https:\/\/andante.pt\/en\/news\/andante-e-o-rosto-da-intermodalidade-no-porto\/#primaryimage"},"image":{"@id":"https:\/\/andante.pt\/en\/news\/andante-e-o-rosto-da-intermodalidade-no-porto\/#primaryimage"},"thumbnailUrl":"https:\/\/andante.pt\/wp-content\/uploads\/2023\/02\/Banner-23-Fev.png","datePublished":"2023-02-23T15:18:10+00:00","dateModified":"2025-09-15T14:28:21+00:00","breadcrumb":{"@id":"https:\/\/andante.pt\/en\/news\/andante-e-o-rosto-da-intermodalidade-no-porto\/#breadcrumb"},"inLanguage":"en-US","potentialAction":[{"@type":"ReadAction","target":["https:\/\/andante.pt\/en\/news\/andante-e-o-rosto-da-intermodalidade-no-porto\/"]}]},{"@type":"ImageObject","inLanguage":"en-US","@id":"https:\/\/andante.pt\/en\/news\/andante-e-o-rosto-da-intermodalidade-no-porto\/#primaryimage","url":"https:\/\/andante.pt\/wp-content\/uploads\/2023\/02\/Banner-23-Fev.png","contentUrl":"https:\/\/andante.pt\/wp-content\/uploads\/2023\/02\/Banner-23-Fev.png","width":1920,"height":620,"caption":"intermodalidade no Porto"},{"@type":"BreadcrumbList","@id":"https:\/\/andante.pt\/en\/news\/andante-e-o-rosto-da-intermodalidade-no-porto\/#breadcrumb","itemListElement":[{"@type":"ListItem","position":1,"name":"Home","item":"https:\/\/andante.pt\/en\/"},{"@type":"ListItem","position":2,"name":"News","item":"https:\/\/andante.pt\/en\/news\/"},{"@type":"ListItem","position":3,"name":"Andante \u00e9 o rosto da intermodalidade no Porto"}]},{"@type":"WebSite","@id":"https:\/\/andante.pt\/en\/#website","url":"https:\/\/andante.pt\/en\/","name":"Andante - Transportes Metropolitanos do Porto","description":"O Andante \u00e9 o t\u00edtulo para os transportes p\u00fablicos da \u00c1rea Metropolitana do Porto.","publisher":{"@id":"https:\/\/andante.pt\/en\/#organization"},"alternateName":"Andante - Transportes Intermodais do Porto","potentialAction":[{"@type":"SearchAction","target":{"@type":"EntryPoint","urlTemplate":"https:\/\/andante.pt\/en\/?s={search_term_string}"},"query-input":{"@type":"PropertyValueSpecification","valueRequired":true,"valueName":"search_term_string"}}],"inLanguage":"en-US"},{"@type":"Organization","@id":"https:\/\/andante.pt\/en\/#organization","name":"Andante - Transportes Intermodais do Porto","alternateName":"Andante - Transportes Intermodais do Porto","url":"https:\/\/andante.pt\/en\/","logo":{"@type":"ImageObject","inLanguage":"en-US","@id":"https:\/\/andante.pt\/en\/#\/schema\/logo\/image\/","url":"https:\/\/andante.pt\/wp-content\/uploads\/2023\/03\/logo_andante.svg","contentUrl":"https:\/\/andante.pt\/wp-content\/uploads\/2023\/03\/logo_andante.svg","width":1,"height":1,"caption":"Andante - Transportes Intermodais do Porto"},"image":{"@id":"https:\/\/andante.pt\/en\/#\/schema\/logo\/image\/"},"sameAs":["https:\/\/www.facebook.com\/andantept\/"]},{"@type":"Person","@id":"https:\/\/andante.pt\/en\/#\/schema\/person\/0931513eff2acb2c226e5afa16bd7865","name":"admin","image":{"@type":"ImageObject","inLanguage":"en-US","@id":"https:\/\/andante.pt\/en\/#\/schema\/person\/image\/","url":"https:\/\/secure.gravatar.com\/avatar\/08057f34bc23d31806c4d8dd1590d43f18013049737f124f73dfa1b850395d20?s=96&d=mm&r=g","contentUrl":"https:\/\/secure.gravatar.com\/avatar\/08057f34bc23d31806c4d8dd1590d43f18013049737f124f73dfa1b850395d20?s=96&d=mm&r=g","caption":"admin"},"sameAs":["https:\/\/linhandante.com"],"url":"https:\/\/andante.pt\/en\/author\/zalox\/"}]}},"_links":{"self":[{"href":"https:\/\/andante.pt\/en\/wp-json\/wp\/v2\/posts\/3385","targetHints":{"allow":["GET"]}}],"collection":[{"href":"https:\/\/andante.pt\/en\/wp-json\/wp\/v2\/posts"}],"about":[{"href":"https:\/\/andante.pt\/en\/wp-json\/wp\/v2\/types\/post"}],"author":[{"embeddable":true,"href":"https:\/\/andante.pt\/en\/wp-json\/wp\/v2\/users\/1"}],"replies":[{"embeddable":true,"href":"https:\/\/andante.pt\/en\/wp-json\/wp\/v2\/comments?post=3385"}],"version-history":[{"count":2,"href":"https:\/\/andante.pt\/en\/wp-json\/wp\/v2\/posts\/3385\/revisions"}],"predecessor-version":[{"id":5319,"href":"https:\/\/andante.pt\/en\/wp-json\/wp\/v2\/posts\/3385\/revisions\/5319"}],"wp:featuredmedia":[{"embeddable":true,"href":"https:\/\/andante.pt\/en\/wp-json\/wp\/v2\/media\/2537"}],"wp:attachment":[{"href":"https:\/\/andante.pt\/en\/wp-json\/wp\/v2\/media?parent=3385"}],"wp:term":[{"taxonomy":"category","embeddable":true,"href":"https:\/\/andante.pt\/en\/wp-json\/wp\/v2\/categories?post=3385"},{"taxonomy":"post_tag","embeddable":true,"href":"https:\/\/andante.pt\/en\/wp-json\/wp\/v2\/tags?post=3385"}],"curies":[{"name":"wp","href":"https:\/\/api.w.org\/{rel}","templated":true}]}}